{"id":790,"date":"2023-04-05T10:16:17","date_gmt":"2023-04-05T10:16:17","guid":{"rendered":"http:\/\/terrasigilata.es\/?p=790"},"modified":"2023-04-05T10:24:45","modified_gmt":"2023-04-05T10:24:45","slug":"hablamos-de-algunos-festivales-folk-importantes-festival-folk-oritgueira","status":"publish","type":"post","link":"http:\/\/terrasigilata.es\/en\/hablamos-de-algunos-festivales-folk-importantes-festival-folk-oritgueira","title":{"rendered":"Hablamos de algunos festivales folk importantes"},"content":{"rendered":"<div data-elementor-type=\"wp-post\" data-elementor-id=\"790\" class=\"elementor elementor-790\">\n\t\t\t\t\t\t<section class=\"elementor-section elementor-top-section elementor-element elementor-element-d8cf4b5 elementor-section-boxed elementor-section-height-default elementor-section-height-default\" data-id=\"d8cf4b5\" data-element_type=\"section\" data-e-type=\"section\">\n\t\t\t\t\t\t<div class=\"elementor-container elementor-column-gap-default\">\n\t\t\t\t\t<div class=\"elementor-column elementor-col-100 elementor-top-column elementor-element elementor-element-33c1365\" data-id=\"33c1365\" data-element_type=\"column\" data-e-type=\"column\">\n\t\t\t<div class=\"elementor-widget-wrap elementor-element-populated\">\n\t\t\t\t\t\t<div class=\"elementor-element elementor-element-c3c8dbd elementor-widget elementor-widget-text-editor\" data-id=\"c3c8dbd\" data-element_type=\"widget\" data-e-type=\"widget\" data-widget_type=\"text-editor.default\">\n\t\t\t\t<div class=\"elementor-widget-container\">\n\t\t\t\t\t\t\t\t\t<p>Los festivales folk son una parte importante de la cultura espa\u00f1ola, ya que celebran las ra\u00edces y tradiciones musicales del pa\u00eds. Estos festivales a menudo presentan artistas de renombre tanto nacionales como internacionales, y ofrecen una amplia variedad de g\u00e9neros de m\u00fasica folk. En este art\u00edculo, exploraremos algunos de los festivales folk m\u00e1s importantes en Espa\u00f1a, su historia y su impacto en la cultura musical del pa\u00eds.<\/p><p>\u00a0<\/p><p>Festival Internacional de la Sierra<\/p><p>\u00a0<\/p><p>El Festival Internacional de la Sierra es uno de los festivales folk m\u00e1s importantes de Espa\u00f1a y se celebra en la ciudad de C\u00e1diz. Este evento se lleva a cabo en julio y presenta una gran variedad de m\u00fasica folk, incluyendo flamenco, m\u00fasica celta y m\u00fasica tradicional andaluza. El festival se lleva a cabo en el Parque Natural de la Sierra de Grazalema, lo que hace que el ambiente sea realmente m\u00e1gico.<\/p><p>\u00a0<\/p><p>Este festival se celebra desde hace m\u00e1s de 30 a\u00f1os y ha atra\u00eddo a algunos de los artistas m\u00e1s importantes de la m\u00fasica folk de todo el mundo. Durante los a\u00f1os, ha contado con la presencia de artistas como Paco de Luc\u00eda, Camar\u00f3n de la Isla, Carlos N\u00fa\u00f1ez, The Chieftains, Van Morrison, y muchos m\u00e1s. Adem\u00e1s de la m\u00fasica en vivo, el festival tambi\u00e9n cuenta con talleres, clases magistrales y otras actividades relacionadas con la m\u00fasica y la cultura andaluza.<\/p><p>\u00a0<\/p><p>Festival Internacional de M\u00fasica de los Pueblos del Mundo<\/p><p>\u00a0<\/p><p>Otro festival destacado es el Festival Internacional de M\u00fasica de los Pueblos del Mundo, que se celebra en la ciudad de Extremadura. Este festival se lleva a cabo en agosto y cuenta con la participaci\u00f3n de artistas de todo el mundo, incluyendo m\u00fasicos de \u00c1frica, Am\u00e9rica Latina y Asia. Adem\u00e1s de la m\u00fasica, este festival tambi\u00e9n presenta espect\u00e1culos de danza y teatro.<\/p><p>\u00a0<\/p><p>Este festival se celebra desde hace m\u00e1s de 25 a\u00f1os y es uno de los eventos m\u00e1s importantes en la regi\u00f3n de Extremadura. Durante los a\u00f1os, ha atra\u00eddo a algunos de los artistas m\u00e1s importantes del mundo, como Youssou N&#8217;Dour, Gilberto Gil, y los Gipsy Kings, entre otros. Adem\u00e1s de la m\u00fasica, el festival tambi\u00e9n cuenta con un mercado de artesan\u00edas y comida, donde se pueden degustar platos t\u00edpicos de la regi\u00f3n.<\/p><p>\u00a0<\/p><p>Festival Internacional de Folk de Plasencia<\/p><p>\u00a0<\/p><p>Otro evento importante es el Festival Internacional de Folk de Plasencia, que tiene lugar en la ciudad de Plasencia en Extremadura. Este festival se celebra en agosto y presenta una amplia variedad de g\u00e9neros de m\u00fasica folk, incluyendo m\u00fasica celta, m\u00fasica sefard\u00ed y m\u00fasica de las regiones de Extremadura y Castilla y Le\u00f3n.<\/p><p>\u00a0<\/p><p>Este festival se celebra desde hace m\u00e1s de 25 a\u00f1os y es uno de los eventos m\u00e1s importantes en la regi\u00f3n de Extremadura. Durante los a\u00f1os, ha atra\u00eddo a algunos de los artistas m\u00e1s importantes del mundo, como Carlos N\u00fa\u00f1ez, Dulce Pontes, y Los Secretos, entre otros. Adem\u00e1s de la m\u00fasica, el festival tambi\u00e9n cuenta con talleres y actividades para toda la familia.<\/p><p>\u00a0<\/p><p>Festival de Ortigueira<\/p><p>\u00a0<\/p><p>El Festival de Ortigueira es uno de los festivales folk m\u00e1s grandes y conocidos en Espa\u00f1a. Este festival se celebra en la ciudad de Ortigueira, en la regi\u00f3n de Galicia, y se lleva a cabo en julio. El festival se enfoca principalmente en la m\u00fasica celta y cuenta con la participaci\u00f3n de artistas locales e internacionales, as\u00ed como tambi\u00e9n con la presentaci\u00f3n de grupos de danza y teatro.<\/p><p>\u00a0<\/p><p>Este festival se celebra desde hace m\u00e1s de 40 a\u00f1os y es uno de los eventos culturales m\u00e1s importantes en la regi\u00f3n de Galicia. Durante los a\u00f1os, ha contado con la presencia de artistas de renombre como The Chieftains, Carlos N\u00fa\u00f1ez, Germ\u00e1n Ruiz, Covagueira, Caama\u00f1o y Ameixeiras, Luar Na Lubre, Obradoiro, Vanesa Muela, Folk on Crest,Taxchugueiras, Batea,\u00a0 Loreena McKennitt, y muchos m\u00e1s. Adem\u00e1s de la m\u00fasica, el festival tambi\u00e9n cuenta con talleres de m\u00fasica y danza celta, as\u00ed como tambi\u00e9n con actividades para los ni\u00f1os.<\/p><p>\u00a0<\/p><p>Festival Internacional de la Gaita<\/p><p>\u00a0<\/p><p>El Festival Internacional de la Gaita es otro de los eventos m\u00e1s importantes en la regi\u00f3n de Galicia. Este festival se celebra en la ciudad de Vigo en octubre y cuenta con la participaci\u00f3n de gaiteros de todo el mundo. Adem\u00e1s de la m\u00fasica tradicional gallega, el festival tambi\u00e9n presenta m\u00fasica de otros g\u00e9neros, como el jazz y la m\u00fasica cl\u00e1sica.<\/p><p>\u00a0<\/p><p>Este festival se celebra desde hace m\u00e1s de 25 a\u00f1os y es uno de los eventos m\u00e1s importantes en la cultura gallega. Durante los a\u00f1os, ha contado con la presencia de algunos de los gaiteros m\u00e1s importantes del mundo, as\u00ed como tambi\u00e9n con la participaci\u00f3n de artistas de otros g\u00e9neros. Adem\u00e1s de la m\u00fasica, el festival tambi\u00e9n cuenta con actividades como talleres y conferencias relacionadas con la cultura gallega.<\/p><p>\u00a0<\/p><p>Festival Internacional de la Cultura de la Monta\u00f1a<\/p><p>\u00a0<\/p><p>El Festival Internacional de la Cultura de la Monta\u00f1a es un evento que se lleva a cabo en la ciudad de Jaca en la regi\u00f3n de Arag\u00f3n. Este festival se celebra en agosto y cuenta con la participaci\u00f3n de artistas de todo el mundo, presentando una amplia variedad de g\u00e9neros de m\u00fasica folk, as\u00ed como tambi\u00e9n danza, teatro y otras manifestaciones culturales.<\/p><p>\u00a0<\/p><p>Este festival se celebra desde hace m\u00e1s de 30 a\u00f1os y es uno de los eventos m\u00e1s importantes en la regi\u00f3n de Arag\u00f3n. Durante los a\u00f1os, ha contado con la presencia de artistas de renombre como Carlos N\u00fa\u00f1ez, Kepa Junkera, y muchos m\u00e1s. Adem\u00e1s de la m\u00fasica, el festival tambi\u00e9n cuenta con actividades como talleres de artesan\u00eda, senderismo y otras actividades relacionadas con la cultura de la monta\u00f1a.<\/p><p>\u00a0<\/p><p>Conclusi\u00f3n<\/p><p>\u00a0<\/p><p>En resumen, Espa\u00f1a cuenta con una rica tradici\u00f3n en m\u00fasica folk y los festivales que se celebran en todo el pa\u00eds son una muestra de ello. Estos festivales han sido una parte importante de la cultura espa\u00f1ola durante d\u00e9cadas y han ayudado a promover y preservar las tradiciones musicales del pa\u00eds. Adem\u00e1s, han contribuido a la promoci\u00f3n del turismo cultural en Espa\u00f1a, atrayendo a visitantes de todo el mundo. Si tienes la oportunidad de asistir a alguno de estos festivales, no la pierdas, ya que ser\u00e1 una experiencia inolvidable para todos los amantes de la m\u00fasica y la cultura folk.<\/p>\t\t\t\t\t\t\t\t<\/div>\n\t\t\t\t<\/div>\n\t\t\t\t\t<\/div>\n\t\t<\/div>\n\t\t\t\t\t<\/div>\n\t\t<\/section>\n\t\t\t\t<\/div>","protected":false},"excerpt":{"rendered":"<p>Los festivales folk son una parte importante de la cultura espa\u00f1ola, ya que celebran las ra\u00edces y tradiciones musicales del pa\u00eds. Estos festivales a menudo presentan artistas de renombre tanto nacionales como internacionales, y ofrecen una amplia variedad de g\u00e9neros de m\u00fasica folk. En este art\u00edculo, exploraremos algunos de los festivales folk m\u00e1s importantes en [&hellip;]<\/p>","protected":false},"author":1,"featured_media":0,"comment_status":"open","ping_status":"open","sticky":false,"template":"","format":"standard","meta":{"ocean_post_layout":"","ocean_both_sidebars_style":"","ocean_both_sidebars_content_width":0,"ocean_both_sidebars_sidebars_width":0,"ocean_sidebar":"0","ocean_second_sidebar":"0","ocean_disable_margins":"enable","ocean_add_body_class":"","ocean_shortcode_before_top_bar":"","ocean_shortcode_after_top_bar":"","ocean_shortcode_before_header":"","ocean_shortcode_after_header":"","ocean_has_shortcode":"","ocean_shortcode_after_title":"","ocean_shortcode_before_footer_widgets":"","ocean_shortcode_after_footer_widgets":"","ocean_shortcode_before_footer_bottom":"","ocean_shortcode_after_footer_bottom":"","ocean_display_top_bar":"default","ocean_display_header":"default","ocean_header_style":"","ocean_center_header_left_menu":"0","ocean_custom_header_template":"0","ocean_custom_logo":0,"ocean_custom_retina_logo":0,"ocean_custom_logo_max_width":0,"ocean_custom_logo_tablet_max_width":0,"ocean_custom_logo_mobile_max_width":0,"ocean_custom_logo_max_height":0,"ocean_custom_logo_tablet_max_height":0,"ocean_custom_logo_mobile_max_height":0,"ocean_header_custom_menu":"0","ocean_menu_typo_font_family":"0","ocean_menu_typo_font_subset":"","ocean_menu_typo_font_size":0,"ocean_menu_typo_font_size_tablet":0,"ocean_menu_typo_font_size_mobile":0,"ocean_menu_typo_font_size_unit":"px","ocean_menu_typo_font_weight":"","ocean_menu_typo_font_weight_tablet":"","ocean_menu_typo_font_weight_mobile":"","ocean_menu_typo_transform":"","ocean_menu_typo_transform_tablet":"","ocean_menu_typo_transform_mobile":"","ocean_menu_typo_line_height":0,"ocean_menu_typo_line_height_tablet":0,"ocean_menu_typo_line_height_mobile":0,"ocean_menu_typo_line_height_unit":"","ocean_menu_typo_spacing":0,"ocean_menu_typo_spacing_tablet":0,"ocean_menu_typo_spacing_mobile":0,"ocean_menu_typo_spacing_unit":"","ocean_menu_link_color":"","ocean_menu_link_color_hover":"","ocean_menu_link_color_active":"","ocean_menu_link_background":"","ocean_menu_link_hover_background":"","ocean_menu_link_active_background":"","ocean_menu_social_links_bg":"","ocean_menu_social_hover_links_bg":"","ocean_menu_social_links_color":"","ocean_menu_social_hover_links_color":"","ocean_disable_title":"default","ocean_disable_heading":"default","ocean_post_title":"","ocean_post_subheading":"","ocean_post_title_style":"","ocean_post_title_background_color":"","ocean_post_title_background":0,"ocean_post_title_bg_image_position":"","ocean_post_title_bg_image_attachment":"","ocean_post_title_bg_image_repeat":"","ocean_post_title_bg_image_size":"","ocean_post_title_height":0,"ocean_post_title_bg_overlay":0.5,"ocean_post_title_bg_overlay_color":"","ocean_disable_breadcrumbs":"default","ocean_breadcrumbs_color":"","ocean_breadcrumbs_separator_color":"","ocean_breadcrumbs_links_color":"","ocean_breadcrumbs_links_hover_color":"","ocean_display_footer_widgets":"default","ocean_display_footer_bottom":"default","ocean_custom_footer_template":"0","ocean_post_oembed":"","ocean_post_self_hosted_media":"","ocean_post_video_embed":"","ocean_link_format":"","ocean_link_format_target":"self","ocean_quote_format":"","ocean_quote_format_link":"post","ocean_gallery_link_images":"off","ocean_gallery_id":[],"footnotes":""},"categories":[1],"tags":[30,32,31,29,27,28],"class_list":["post-790","post","type-post","status-publish","format-standard","hentry","category-grupo-musica-folk","tag-festival-folk-de-la-montana","tag-festival-folk-espanol","tag-festival-folk-extremadura","tag-festival-folk-ortigueira","tag-festivales","tag-festivales-folk","entry"],"yoast_head":"<!-- This site is optimized with the Yoast SEO plugin v20.4 - https:\/\/yoast.com\/wordpress\/plugins\/seo\/ -->\n<title>Hablamos de algunos festivales folk importantes - TERRA SIGILATA - Arqueolog\u00eda de la m\u00fasica tradicional<\/title>\n<meta name=\"robots\" content=\"index, follow, max-snippet:-1, max-image-preview:large, max-video-preview:-1\" \/>\n<link rel=\"canonical\" href=\"http:\/\/terrasigilata.es\/en\/hablamos-de-algunos-festivales-folk-importantes-festival-folk-oritgueira\" \/>\n<meta property=\"og:locale\" content=\"en_GB\" \/>\n<meta property=\"og:type\" content=\"article\" \/>\n<meta property=\"og:title\" content=\"Hablamos de algunos festivales folk importantes - TERRA SIGILATA - Arqueolog\u00eda de la m\u00fasica tradicional\" \/>\n<meta property=\"og:description\" content=\"Los festivales folk son una parte importante de la cultura espa\u00f1ola, ya que celebran las ra\u00edces y tradiciones musicales del pa\u00eds. Estos festivales a menudo presentan artistas de renombre tanto nacionales como internacionales, y ofrecen una amplia variedad de g\u00e9neros de m\u00fasica folk. En este art\u00edculo, exploraremos algunos de los festivales folk m\u00e1s importantes en [&hellip;]\" \/>\n<meta property=\"og:url\" content=\"http:\/\/terrasigilata.es\/en\/hablamos-de-algunos-festivales-folk-importantes-festival-folk-oritgueira\" \/>\n<meta property=\"og:site_name\" content=\"TERRA SIGILATA - Arqueolog\u00eda de la m\u00fasica tradicional\" \/>\n<meta property=\"article:published_time\" content=\"2023-04-05T10:16:17+00:00\" \/>\n<meta property=\"article:modified_time\" content=\"2023-04-05T10:24:45+00:00\" \/>\n<meta name=\"author\" content=\"marimar\" \/>\n<meta name=\"twitter:card\" content=\"summary_large_image\" \/>\n<meta name=\"twitter:label1\" content=\"Written by\" \/>\n\t<meta name=\"twitter:data1\" content=\"marimar\" \/>\n\t<meta name=\"twitter:label2\" content=\"Estimated reading time\" \/>\n\t<meta name=\"twitter:data2\" content=\"6 minutes\" \/>\n<script type=\"application\/ld+json\" class=\"yoast-schema-graph\">{\"@context\":\"https:\/\/schema.org\",\"@graph\":[{\"@type\":\"Article\",\"@id\":\"http:\/\/terrasigilata.es\/en\/hablamos-de-algunos-festivales-folk-importantes-festival-folk-oritgueira#article\",\"isPartOf\":{\"@id\":\"http:\/\/terrasigilata.es\/en\/hablamos-de-algunos-festivales-folk-importantes-festival-folk-oritgueira\"},\"author\":{\"name\":\"marimar\",\"@id\":\"http:\/\/terrasigilata.es\/#\/schema\/person\/aa17d85650a3926ec92d2d053e7cf447\"},\"headline\":\"Hablamos de algunos festivales folk importantes\",\"datePublished\":\"2023-04-05T10:16:17+00:00\",\"dateModified\":\"2023-04-05T10:24:45+00:00\",\"mainEntityOfPage\":{\"@id\":\"http:\/\/terrasigilata.es\/en\/hablamos-de-algunos-festivales-folk-importantes-festival-folk-oritgueira\"},\"wordCount\":1167,\"commentCount\":0,\"publisher\":{\"@id\":\"http:\/\/terrasigilata.es\/#organization\"},\"keywords\":[\"festival folk de la monta\u00f1a\",\"festival folk espa\u00f1ol\",\"festival folk extremadura\",\"festival folk ortigueira\",\"festivales\",\"festivales folk\"],\"articleSection\":[\"Neo Folk\"],\"inLanguage\":\"en-GB\",\"potentialAction\":[{\"@type\":\"CommentAction\",\"name\":\"Comment\",\"target\":[\"http:\/\/terrasigilata.es\/en\/hablamos-de-algunos-festivales-folk-importantes-festival-folk-oritgueira#respond\"]}]},{\"@type\":\"WebPage\",\"@id\":\"http:\/\/terrasigilata.es\/en\/hablamos-de-algunos-festivales-folk-importantes-festival-folk-oritgueira\",\"url\":\"http:\/\/terrasigilata.es\/en\/hablamos-de-algunos-festivales-folk-importantes-festival-folk-oritgueira\",\"name\":\"Hablamos de algunos festivales folk importantes - TERRA SIGILATA - Arqueolog\u00eda de la m\u00fasica tradicional\",\"isPartOf\":{\"@id\":\"http:\/\/terrasigilata.es\/#website\"},\"datePublished\":\"2023-04-05T10:16:17+00:00\",\"dateModified\":\"2023-04-05T10:24:45+00:00\",\"breadcrumb\":{\"@id\":\"http:\/\/terrasigilata.es\/en\/hablamos-de-algunos-festivales-folk-importantes-festival-folk-oritgueira#breadcrumb\"},\"inLanguage\":\"en-GB\",\"potentialAction\":[{\"@type\":\"ReadAction\",\"target\":[\"http:\/\/terrasigilata.es\/en\/hablamos-de-algunos-festivales-folk-importantes-festival-folk-oritgueira\"]}]},{\"@type\":\"BreadcrumbList\",\"@id\":\"http:\/\/terrasigilata.es\/en\/hablamos-de-algunos-festivales-folk-importantes-festival-folk-oritgueira#breadcrumb\",\"itemListElement\":[{\"@type\":\"ListItem\",\"position\":1,\"name\":\"Portada\",\"item\":\"http:\/\/terrasigilata.es\/\"},{\"@type\":\"ListItem\",\"position\":2,\"name\":\"Hablamos de algunos festivales folk importantes\"}]},{\"@type\":\"WebSite\",\"@id\":\"http:\/\/terrasigilata.es\/#website\",\"url\":\"http:\/\/terrasigilata.es\/\",\"name\":\"TERRA SIGILATA - Arqueolog\u00eda de la m\u00fasica tradicional\",\"description\":\"Grupo de m\u00fasica folk renovado\",\"publisher\":{\"@id\":\"http:\/\/terrasigilata.es\/#organization\"},\"potentialAction\":[{\"@type\":\"SearchAction\",\"target\":{\"@type\":\"EntryPoint\",\"urlTemplate\":\"http:\/\/terrasigilata.es\/?s={search_term_string}\"},\"query-input\":\"required name=search_term_string\"}],\"inLanguage\":\"en-GB\"},{\"@type\":\"Organization\",\"@id\":\"http:\/\/terrasigilata.es\/#organization\",\"name\":\"TERRA SIGILATA\",\"url\":\"http:\/\/terrasigilata.es\/\",\"logo\":{\"@type\":\"ImageObject\",\"inLanguage\":\"en-GB\",\"@id\":\"http:\/\/terrasigilata.es\/#\/schema\/logo\/image\/\",\"url\":\"http:\/\/terrasigilata.es\/wp-content\/uploads\/2023\/04\/cropped-GRUPO-DE-MUSICA-FOLK-RENOVADA-white.png\",\"contentUrl\":\"http:\/\/terrasigilata.es\/wp-content\/uploads\/2023\/04\/cropped-GRUPO-DE-MUSICA-FOLK-RENOVADA-white.png\",\"width\":1491,\"height\":177,\"caption\":\"TERRA SIGILATA\"},\"image\":{\"@id\":\"http:\/\/terrasigilata.es\/#\/schema\/logo\/image\/\"},\"sameAs\":[\"https:\/\/www.instagram.com\/terra.sigilata\"]},{\"@type\":\"Person\",\"@id\":\"http:\/\/terrasigilata.es\/#\/schema\/person\/aa17d85650a3926ec92d2d053e7cf447\",\"name\":\"marimar\",\"image\":{\"@type\":\"ImageObject\",\"inLanguage\":\"en-GB\",\"@id\":\"http:\/\/terrasigilata.es\/#\/schema\/person\/image\/\",\"url\":\"https:\/\/secure.gravatar.com\/avatar\/81a43954e44a334b3d2f3bcf7e2591edde88029bb6bc875f361153937182c5db?s=96&d=mm&r=g\",\"contentUrl\":\"https:\/\/secure.gravatar.com\/avatar\/81a43954e44a334b3d2f3bcf7e2591edde88029bb6bc875f361153937182c5db?s=96&d=mm&r=g\",\"caption\":\"marimar\"},\"sameAs\":[\"http:\/\/terrasigilata.es\"],\"url\":\"http:\/\/terrasigilata.es\/en\/author\/marimar-2\"}]}<\/script>\n<!-- \/ Yoast SEO plugin. -->","yoast_head_json":{"title":"Hablamos de algunos festivales folk importantes - TERRA SIGILATA - Arqueolog\u00eda de la m\u00fasica tradicional","robots":{"index":"index","follow":"follow","max-snippet":"max-snippet:-1","max-image-preview":"max-image-preview:large","max-video-preview":"max-video-preview:-1"},"canonical":"http:\/\/terrasigilata.es\/en\/hablamos-de-algunos-festivales-folk-importantes-festival-folk-oritgueira","og_locale":"en_GB","og_type":"article","og_title":"Hablamos de algunos festivales folk importantes - TERRA SIGILATA - Arqueolog\u00eda de la m\u00fasica tradicional","og_description":"Los festivales folk son una parte importante de la cultura espa\u00f1ola, ya que celebran las ra\u00edces y tradiciones musicales del pa\u00eds. Estos festivales a menudo presentan artistas de renombre tanto nacionales como internacionales, y ofrecen una amplia variedad de g\u00e9neros de m\u00fasica folk. En este art\u00edculo, exploraremos algunos de los festivales folk m\u00e1s importantes en [&hellip;]","og_url":"http:\/\/terrasigilata.es\/en\/hablamos-de-algunos-festivales-folk-importantes-festival-folk-oritgueira","og_site_name":"TERRA SIGILATA - Arqueolog\u00eda de la m\u00fasica tradicional","article_published_time":"2023-04-05T10:16:17+00:00","article_modified_time":"2023-04-05T10:24:45+00:00","author":"marimar","twitter_card":"summary_large_image","twitter_misc":{"Written by":"marimar","Estimated reading time":"6 minutes"},"schema":{"@context":"https:\/\/schema.org","@graph":[{"@type":"Article","@id":"http:\/\/terrasigilata.es\/en\/hablamos-de-algunos-festivales-folk-importantes-festival-folk-oritgueira#article","isPartOf":{"@id":"http:\/\/terrasigilata.es\/en\/hablamos-de-algunos-festivales-folk-importantes-festival-folk-oritgueira"},"author":{"name":"marimar","@id":"http:\/\/terrasigilata.es\/#\/schema\/person\/aa17d85650a3926ec92d2d053e7cf447"},"headline":"Hablamos de algunos festivales folk importantes","datePublished":"2023-04-05T10:16:17+00:00","dateModified":"2023-04-05T10:24:45+00:00","mainEntityOfPage":{"@id":"http:\/\/terrasigilata.es\/en\/hablamos-de-algunos-festivales-folk-importantes-festival-folk-oritgueira"},"wordCount":1167,"commentCount":0,"publisher":{"@id":"http:\/\/terrasigilata.es\/#organization"},"keywords":["festival folk de la monta\u00f1a","festival folk espa\u00f1ol","festival folk extremadura","festival folk ortigueira","festivales","festivales folk"],"articleSection":["Neo Folk"],"inLanguage":"en-GB","potentialAction":[{"@type":"CommentAction","name":"Comment","target":["http:\/\/terrasigilata.es\/en\/hablamos-de-algunos-festivales-folk-importantes-festival-folk-oritgueira#respond"]}]},{"@type":"WebPage","@id":"http:\/\/terrasigilata.es\/en\/hablamos-de-algunos-festivales-folk-importantes-festival-folk-oritgueira","url":"http:\/\/terrasigilata.es\/en\/hablamos-de-algunos-festivales-folk-importantes-festival-folk-oritgueira","name":"Hablamos de algunos festivales folk importantes - TERRA SIGILATA - Arqueolog\u00eda de la m\u00fasica tradicional","isPartOf":{"@id":"http:\/\/terrasigilata.es\/#website"},"datePublished":"2023-04-05T10:16:17+00:00","dateModified":"2023-04-05T10:24:45+00:00","breadcrumb":{"@id":"http:\/\/terrasigilata.es\/en\/hablamos-de-algunos-festivales-folk-importantes-festival-folk-oritgueira#breadcrumb"},"inLanguage":"en-GB","potentialAction":[{"@type":"ReadAction","target":["http:\/\/terrasigilata.es\/en\/hablamos-de-algunos-festivales-folk-importantes-festival-folk-oritgueira"]}]},{"@type":"BreadcrumbList","@id":"http:\/\/terrasigilata.es\/en\/hablamos-de-algunos-festivales-folk-importantes-festival-folk-oritgueira#breadcrumb","itemListElement":[{"@type":"ListItem","position":1,"name":"Portada","item":"http:\/\/terrasigilata.es\/"},{"@type":"ListItem","position":2,"name":"Hablamos de algunos festivales folk importantes"}]},{"@type":"WebSite","@id":"http:\/\/terrasigilata.es\/#website","url":"http:\/\/terrasigilata.es\/","name":"TERRA SIGILATA - Arqueolog\u00eda de la m\u00fasica tradicional","description":"Grupo de m\u00fasica folk renovado","publisher":{"@id":"http:\/\/terrasigilata.es\/#organization"},"potentialAction":[{"@type":"SearchAction","target":{"@type":"EntryPoint","urlTemplate":"http:\/\/terrasigilata.es\/?s={search_term_string}"},"query-input":"required name=search_term_string"}],"inLanguage":"en-GB"},{"@type":"Organization","@id":"http:\/\/terrasigilata.es\/#organization","name":"TERRA SIGILATA","url":"http:\/\/terrasigilata.es\/","logo":{"@type":"ImageObject","inLanguage":"en-GB","@id":"http:\/\/terrasigilata.es\/#\/schema\/logo\/image\/","url":"http:\/\/terrasigilata.es\/wp-content\/uploads\/2023\/04\/cropped-GRUPO-DE-MUSICA-FOLK-RENOVADA-white.png","contentUrl":"http:\/\/terrasigilata.es\/wp-content\/uploads\/2023\/04\/cropped-GRUPO-DE-MUSICA-FOLK-RENOVADA-white.png","width":1491,"height":177,"caption":"TERRA SIGILATA"},"image":{"@id":"http:\/\/terrasigilata.es\/#\/schema\/logo\/image\/"},"sameAs":["https:\/\/www.instagram.com\/terra.sigilata"]},{"@type":"Person","@id":"http:\/\/terrasigilata.es\/#\/schema\/person\/aa17d85650a3926ec92d2d053e7cf447","name":"marimar","image":{"@type":"ImageObject","inLanguage":"en-GB","@id":"http:\/\/terrasigilata.es\/#\/schema\/person\/image\/","url":"https:\/\/secure.gravatar.com\/avatar\/81a43954e44a334b3d2f3bcf7e2591edde88029bb6bc875f361153937182c5db?s=96&d=mm&r=g","contentUrl":"https:\/\/secure.gravatar.com\/avatar\/81a43954e44a334b3d2f3bcf7e2591edde88029bb6bc875f361153937182c5db?s=96&d=mm&r=g","caption":"marimar"},"sameAs":["http:\/\/terrasigilata.es"],"url":"http:\/\/terrasigilata.es\/en\/author\/marimar-2"}]}},"amp_enabled":true,"_links":{"self":[{"href":"http:\/\/terrasigilata.es\/en\/wp-json\/wp\/v2\/posts\/790","targetHints":{"allow":["GET"]}}],"collection":[{"href":"http:\/\/terrasigilata.es\/en\/wp-json\/wp\/v2\/posts"}],"about":[{"href":"http:\/\/terrasigilata.es\/en\/wp-json\/wp\/v2\/types\/post"}],"author":[{"embeddable":true,"href":"http:\/\/terrasigilata.es\/en\/wp-json\/wp\/v2\/users\/1"}],"replies":[{"embeddable":true,"href":"http:\/\/terrasigilata.es\/en\/wp-json\/wp\/v2\/comments?post=790"}],"version-history":[{"count":5,"href":"http:\/\/terrasigilata.es\/en\/wp-json\/wp\/v2\/posts\/790\/revisions"}],"predecessor-version":[{"id":795,"href":"http:\/\/terrasigilata.es\/en\/wp-json\/wp\/v2\/posts\/790\/revisions\/795"}],"wp:attachment":[{"href":"http:\/\/terrasigilata.es\/en\/wp-json\/wp\/v2\/media?parent=790"}],"wp:term":[{"taxonomy":"category","embeddable":true,"href":"http:\/\/terrasigilata.es\/en\/wp-json\/wp\/v2\/categories?post=790"},{"taxonomy":"post_tag","embeddable":true,"href":"http:\/\/terrasigilata.es\/en\/wp-json\/wp\/v2\/tags?post=790"}],"curies":[{"name":"wp","href":"https:\/\/api.w.org\/{rel}","templated":true}]}}